{"id":11187,"date":"2021-07-05T03:33:03","date_gmt":"2021-07-05T03:33:03","guid":{"rendered":"http:\/\/blog.pagekreacje.pl\/?p=11187"},"modified":"2021-07-05T03:33:03","modified_gmt":"2021-07-05T03:33:03","slug":"kto-moze-stosowac-catering-dietetyczny-2","status":"publish","type":"post","link":"http:\/\/blog.pagekreacje.pl\/?p=11187","title":{"rendered":"Kto mo\u017ce stosowa\u0107 catering dietetyczny?"},"content":{"rendered":"<p>Je\u017celi pragniemy w prawid\u0142owy spos\u00f3b zadba\u0107 o w\u0142asne zdrowie i samopoczucie, powinni\u015bmy zwr\u00f3ci\u0107 wyj\u0105tkow\u0105 uwag\u0119 na to, co i kiedy jemy, jak tak\u017ce na regularn\u0105 aktywno\u015b\u0107 fizyczn\u0105. S\u0105 to dwa g\u0142\u00f3wne czynniki, kt\u00f3re zapobiegaj\u0105 wyst\u0105pieniu chor\u00f3b cywilizacyjnych, takich jak cukrzyca czy oty\u0142o\u015b\u0107. Je\u015bli nie mamy czasu na robienie zakup\u00f3w i gotowanie, to wtedy mo\u017cemy skorzysta\u0107 z oferty firm cateringowych, kt\u00f3re oferuj\u0105 fit catering wieliczka.<!--more--><\/p>\n<p> Dla kogo jest dieta pude\u0142kowa?<br \/>\nG\u0142\u00f3wnie warto zaznaczy\u0107, \u017ce dieta pude\u0142kowa jest w\u0142a\u015bciwie dla ka\u017cdego z nas. W szczeg\u00f3lno\u015bci na prawd\u0119 bardzo cz\u0119sto korzystaj\u0105 z niej osoby, kt\u00f3re maj\u0105 du\u017co spraw na g\u0142owie, a co za tym idzie, nie maj\u0105 czasu na robienie zakup\u00f3w i przygotowywanie zdrowych pe\u0142nowarto\u015bciowych posi\u0142k\u00f3w. W tak zaistnia\u0142ej okoliczno\u015bci dieta pude\u0142kowa wieliczka to dobre rozwi\u0105zanie, kt\u00f3re umo\u017cliwi nam od\u017cywia\u0107 si\u0119 zdrowo, bez wzgl\u0119du na to, ile mamy czasu w ci\u0105gu dnia. Z tego rozwi\u0105zania korzysta bardzo wiele os\u00f3b r\u00f3wnie\u017c dlatego, \u017ce firmy cateringowe oferuj\u0105 bogactwo r\u00f3\u017cnorakich diet, kt\u00f3re uwzgl\u0119dniaj\u0105 nie tylko pragnienia kulinarne klient\u00f3w, ale tak\u017ce nietolerancje pokarmowe. Co za tym idzie, bez najmniejszego problemu zam\u00f3wimy diet\u0119 bez laktozy czy bez glutenu, jak r\u00f3wnie\u017c diet\u0119 wega\u0144sk\u0105 czy wegetaria\u0144sk\u0105. Du\u017cym zainteresowaniem ciesz\u0105 si\u0119 te\u017c wiedzy o obni\u017conej kaloryczno\u015bci, kt\u00f3re pozwalaj\u0105 w szybki, ale przede wszystkim zdrowy spos\u00f3b pozby\u0107 si\u0119 zb\u0119dnych kilogram\u00f3w. Co za tym idzie, catering dietetyczny wieliczka to rozwi\u0105zanie dla tych wszystkich, kt\u00f3rzy chc\u0105 pomimo nat\u0142oku zaj\u0119\u0107 od\u017cywia\u0107 si\u0119 zdrowo<br \/>\n<br \/>\u0179r\u00f3d\u0142o informacji: <a href=\"https:\/\/smoothcatering.pl\/mapy-dostaw\/catering-dietetyczny-wieliczka\/\">dieta keto wieliczka<\/a>.<\/p>\n","protected":false},"excerpt":{"rendered":"<p>Je\u017celi pragniemy w prawid\u0142owy spos\u00f3b zadba\u0107 o w\u0142asne zdrowie i samopoczucie, powinni\u015bmy zwr\u00f3ci\u0107 wyj\u0105tkow\u0105 uwag\u0119 na to, co i kiedy jemy, jak tak\u017ce na regularn\u0105 aktywno\u015b\u0107 fizyczn\u0105. S\u0105 to dwa g\u0142\u00f3wne czynniki, kt\u00f3re zapobiegaj\u0105 wyst\u0105pieniu chor\u00f3b cywilizacyjnych, takich jak cukrzyca czy oty\u0142o\u015b\u0107. Je\u015bli nie mamy czasu na robienie zakup\u00f3w i gotowanie, to wtedy mo\u017cemy skorzysta\u0107 [&hellip;]<\/p>\n","protected":false},"author":1,"featured_media":0,"comment_status":"closed","ping_status":"open","sticky":false,"template":"","format":"standard","meta":[],"categories":[1],"tags":[],"_links":{"self":[{"href":"http:\/\/blog.pagekreacje.pl\/index.php?rest_route=\/wp\/v2\/posts\/11187"}],"collection":[{"href":"http:\/\/blog.pagekreacje.pl\/index.php?rest_route=\/wp\/v2\/posts"}],"about":[{"href":"http:\/\/blog.pagekreacje.pl\/index.php?rest_route=\/wp\/v2\/types\/post"}],"author":[{"embeddable":true,"href":"http:\/\/blog.pagekreacje.pl\/index.php?rest_route=\/wp\/v2\/users\/1"}],"replies":[{"embeddable":true,"href":"http:\/\/blog.pagekreacje.pl\/index.php?rest_route=%2Fwp%2Fv2%2Fcomments&post=11187"}],"version-history":[{"count":1,"href":"http:\/\/blog.pagekreacje.pl\/index.php?rest_route=\/wp\/v2\/posts\/11187\/revisions"}],"predecessor-version":[{"id":11188,"href":"http:\/\/blog.pagekreacje.pl\/index.php?rest_route=\/wp\/v2\/posts\/11187\/revisions\/11188"}],"wp:attachment":[{"href":"http:\/\/blog.pagekreacje.pl\/index.php?rest_route=%2Fwp%2Fv2%2Fmedia&parent=11187"}],"wp:term":[{"taxonomy":"category","embeddable":true,"href":"http:\/\/blog.pagekreacje.pl\/index.php?rest_route=%2Fwp%2Fv2%2Fcategories&post=11187"},{"taxonomy":"post_tag","embeddable":true,"href":"http:\/\/blog.pagekreacje.pl\/index.php?rest_route=%2Fwp%2Fv2%2Ftags&post=11187"}],"curies":[{"name":"wp","href":"https:\/\/api.w.org\/{rel}","templated":true}]}}