{"id":11292,"date":"2021-07-12T08:25:04","date_gmt":"2021-07-12T08:25:04","guid":{"rendered":"http:\/\/blog.pagekreacje.pl\/?p=11292"},"modified":"2021-07-12T08:25:04","modified_gmt":"2021-07-12T08:25:04","slug":"jakie-korzysci-daje-catering-dietetyczny","status":"publish","type":"post","link":"http:\/\/blog.pagekreacje.pl\/?p=11292","title":{"rendered":"Jakie korzy\u015bci daje catering dietetyczny?"},"content":{"rendered":"<p>O ile chcemy w prawid\u0142owy spos\u00f3b zadba\u0107 o swoje zdrowie i samopoczucie, powinni\u015bmy zwr\u00f3ci\u0107 wyj\u0105tkow\u0105 uwag\u0119 na to, co i kiedy jemy, jak r\u00f3wnie\u017c na regularn\u0105 aktywno\u015b\u0107 fizyczn\u0105. S\u0105 to dwa g\u0142\u00f3wne czynniki, kt\u00f3re zapobiegaj\u0105 wyst\u0105pieniu chor\u00f3b cywilizacyjnych, takich jak cukrzyca czy oty\u0142o\u015b\u0107. Je\u017celi nie mamy czasu na robienie zakup\u00f3w i gotowanie, to w\u00f3wczas mo\u017cemy skorzysta\u0107 z oferty firm cateringowych, kt\u00f3re oferuj\u0105 fit catering wieliczka.<!--more--><\/p>\n<p> Dla kogo jest dieta pude\u0142kowa?<br \/>\nPrzede wszystkim warto zaznaczy\u0107, \u017ce dieta pude\u0142kowa jest w\u0142a\u015bciwie dla ka\u017cdego z nas. Szczeg\u00f3lnie cz\u0119sto korzystaj\u0105 z niej osoby, kt\u00f3re maj\u0105 du\u017co spraw na g\u0142owie, a co za tym idzie, nie maj\u0105 czasu na robienie zakup\u00f3w i przygotowywanie zdrowych pe\u0142nowarto\u015bciowych posi\u0142k\u00f3w. W tak zaistnia\u0142ej okoliczno\u015bci dieta pude\u0142kowa wieliczka to bardzo dobre rozwi\u0105zanie, kt\u00f3re umo\u017cliwi nam od\u017cywia\u0107 si\u0119 zdrowo, bez wzgl\u0119du na to, ile mamy czasu w ci\u0105gu dnia. Z tego rozwi\u0105zania korzysta bardzo wiele ludzi r\u00f3wnie\u017c dlatego, \u017ce firmy cateringowe oferuj\u0105 bogactwo r\u00f3\u017cnych diet, kt\u00f3re uwzgl\u0119dniaj\u0105 nie tylko pragnienia kulinarne klient\u00f3w, niemniej jednak r\u00f3wnie\u017c nietolerancje pokarmowe. Co za tym idzie, bez problemu zam\u00f3wimy diet\u0119 bez laktozy czy bez glutenu, jak tak\u017ce diet\u0119 wega\u0144sk\u0105 czy wegetaria\u0144sk\u0105. Du\u017c\u0105 popularno\u015bci\u0105 ciesz\u0105 si\u0119 tak\u017ce wiedzy o obni\u017conej kaloryczno\u015bci, kt\u00f3re pozwalaj\u0105 w szybki, niemniej jednak przede wszystkim zdrowy spos\u00f3b pozby\u0107 si\u0119 niepotrzebnych kilogram\u00f3w. Co za tym idzie, catering dietetyczny wieliczka to rozwi\u0105zanie dla tych wszystkich, kt\u00f3rzy pragn\u0105 mimo nat\u0142oku zaj\u0119\u0107 od\u017cywia\u0107 si\u0119 zdrowo<br \/>\n<br \/>Wi\u0119cej informacji na stronie: <a href=\"https:\/\/smoothcatering.pl\/mapy-dostaw\/catering-dietetyczny-wieliczka\/\">fit catering wieliczka<\/a>.<\/p>\n","protected":false},"excerpt":{"rendered":"<p>O ile chcemy w prawid\u0142owy spos\u00f3b zadba\u0107 o swoje zdrowie i samopoczucie, powinni\u015bmy zwr\u00f3ci\u0107 wyj\u0105tkow\u0105 uwag\u0119 na to, co i kiedy jemy, jak r\u00f3wnie\u017c na regularn\u0105 aktywno\u015b\u0107 fizyczn\u0105. S\u0105 to dwa g\u0142\u00f3wne czynniki, kt\u00f3re zapobiegaj\u0105 wyst\u0105pieniu chor\u00f3b cywilizacyjnych, takich jak cukrzyca czy oty\u0142o\u015b\u0107. Je\u017celi nie mamy czasu na robienie zakup\u00f3w i gotowanie, to w\u00f3wczas mo\u017cemy [&hellip;]<\/p>\n","protected":false},"author":1,"featured_media":0,"comment_status":"closed","ping_status":"open","sticky":false,"template":"","format":"standard","meta":[],"categories":[1],"tags":[],"_links":{"self":[{"href":"http:\/\/blog.pagekreacje.pl\/index.php?rest_route=\/wp\/v2\/posts\/11292"}],"collection":[{"href":"http:\/\/blog.pagekreacje.pl\/index.php?rest_route=\/wp\/v2\/posts"}],"about":[{"href":"http:\/\/blog.pagekreacje.pl\/index.php?rest_route=\/wp\/v2\/types\/post"}],"author":[{"embeddable":true,"href":"http:\/\/blog.pagekreacje.pl\/index.php?rest_route=\/wp\/v2\/users\/1"}],"replies":[{"embeddable":true,"href":"http:\/\/blog.pagekreacje.pl\/index.php?rest_route=%2Fwp%2Fv2%2Fcomments&post=11292"}],"version-history":[{"count":1,"href":"http:\/\/blog.pagekreacje.pl\/index.php?rest_route=\/wp\/v2\/posts\/11292\/revisions"}],"predecessor-version":[{"id":11293,"href":"http:\/\/blog.pagekreacje.pl\/index.php?rest_route=\/wp\/v2\/posts\/11292\/revisions\/11293"}],"wp:attachment":[{"href":"http:\/\/blog.pagekreacje.pl\/index.php?rest_route=%2Fwp%2Fv2%2Fmedia&parent=11292"}],"wp:term":[{"taxonomy":"category","embeddable":true,"href":"http:\/\/blog.pagekreacje.pl\/index.php?rest_route=%2Fwp%2Fv2%2Fcategories&post=11292"},{"taxonomy":"post_tag","embeddable":true,"href":"http:\/\/blog.pagekreacje.pl\/index.php?rest_route=%2Fwp%2Fv2%2Ftags&post=11292"}],"curies":[{"name":"wp","href":"https:\/\/api.w.org\/{rel}","templated":true}]}}