{"id":12111,"date":"2021-09-08T23:00:05","date_gmt":"2021-09-08T23:00:05","guid":{"rendered":"http:\/\/blog.pagekreacje.pl\/?p=12111"},"modified":"2021-09-08T23:00:05","modified_gmt":"2021-09-08T23:00:05","slug":"fizjoterapia","status":"publish","type":"post","link":"http:\/\/blog.pagekreacje.pl\/?p=12111","title":{"rendered":"Fizjoterapia"},"content":{"rendered":"<p>Powinni\u015bmy mie\u0107 \u015bwiadomo\u015b\u0107, \u017ce zabiegi rehabilitacyjne s\u0105 wa\u017cnym elementem rekonwalescencji, zar\u00f3wno po przebytych urazach, jak r\u00f3wnie\u017c operacjach czy przy niebagatelnych schorzeniach i chorobach przewlek\u0142ych. Warto wi\u0119c korzysta\u0107 z pomocy, jak\u0105 oferuje fizjoterapeuta dobieraj\u0105c taki zestaw \u0107wicze\u0144, kt\u00f3ry b\u0119dzie dla nas najodpowiedniejszy.<!--more--><\/p>\n<p>Pomoc fizjoterapeuty &#8211; co nale\u017cy wiedzie\u0107?<br \/>\nTrzeba zaznaczy\u0107, \u017ce terapeuta oferuje swoim klientom kompleksow\u0105 pomoc z zakresu rehabilitacji a tak\u017ce fizjoterapii, co dotyczy nie tylko i wy\u0142\u0105cznie uraz\u00f3w ko\u0144czyn czy etapu rekonwalescencji po operacji, ale te\u017c dolegliwo\u015bci i chor\u00f3b, na przyk\u0142ad takich jak m\u00f3zgowe pora\u017cenie dzieci\u0119ce, rdzeniowy zanik mi\u0119\u015bni, zesp\u00f3\u0142 angelmana, zesp\u00f3\u0142 Downa, zesp\u00f3\u0142 wad wrodzonych czy rehabilitacja os\u00f3b ze spektrum autyzmu (zobacz tak\u017ce: <a href=\"https:\/\/sensifizjo.pl\/infant-physiotherapy\/\">terapia tkanek mi\u0119kkich<\/a>).  W ofercie do\u015bwiadczonego fizjoterapeuty znajdziemy szereg zabieg\u00f3w, kt\u00f3re pozwol\u0105 nam odzyska\u0107 sprawno\u015b\u0107 i powr\u00f3ci\u0107 do codziennego funkcjonowania. Jest to w g\u0142\u00f3wnej mierze forma integracji sensorycznej, kt\u00f3ra polega na pobudzaniu za pomoc\u0105 stosownie dobranych \u015brodk\u00f3w a tak\u017ce bod\u017ac\u00f3w uk\u0142adu  wzroku, s\u0142uchu, w\u0119chu, jak tak\u017ce smaku pacjenta (zobacz wi\u0119cej: <a href=\"https:\/\/sensifizjo.pl\/sensory-integration-theraphy\/\">terapia integracji sensorycznej<\/a>). Zaj\u0119cia z zakresu takiej integracji sensorycznej s\u0105 zwyczajnie nauk\u0105 poprzez frajd\u0119. Warto by\u0107 \u015bwiadomym, \u017ce integracja sensoryczna powinna odbywa\u0107 si\u0119 w specjalnie przystosowanych pomieszczeniach, w kt\u00f3rych stosowany jest specjalistyczny sprz\u0119t, kt\u00f3ry pozwala na stymulowanie narz\u0105d\u00f3w zmys\u0142\u00f3w pacjenta. Jak si\u0119 zatem okazuje, rehabilitacja oraz fizjoterapia to szeroki zakres us\u0142ug dostosowany optymalnie do r\u00f3\u017cnych pacjent\u00f3w.<br \/>\n<br \/>Polecam: <a href=\"http:\/\/sensifizjo.pl\">raszyn<\/a>.<\/p>\n","protected":false},"excerpt":{"rendered":"<p>Powinni\u015bmy mie\u0107 \u015bwiadomo\u015b\u0107, \u017ce zabiegi rehabilitacyjne s\u0105 wa\u017cnym elementem rekonwalescencji, zar\u00f3wno po przebytych urazach, jak r\u00f3wnie\u017c operacjach czy przy niebagatelnych schorzeniach i chorobach przewlek\u0142ych. Warto wi\u0119c korzysta\u0107 z pomocy, jak\u0105 oferuje fizjoterapeuta dobieraj\u0105c taki zestaw \u0107wicze\u0144, kt\u00f3ry b\u0119dzie dla nas najodpowiedniejszy.<\/p>\n","protected":false},"author":1,"featured_media":0,"comment_status":"closed","ping_status":"open","sticky":false,"template":"","format":"standard","meta":[],"categories":[1],"tags":[],"_links":{"self":[{"href":"http:\/\/blog.pagekreacje.pl\/index.php?rest_route=\/wp\/v2\/posts\/12111"}],"collection":[{"href":"http:\/\/blog.pagekreacje.pl\/index.php?rest_route=\/wp\/v2\/posts"}],"about":[{"href":"http:\/\/blog.pagekreacje.pl\/index.php?rest_route=\/wp\/v2\/types\/post"}],"author":[{"embeddable":true,"href":"http:\/\/blog.pagekreacje.pl\/index.php?rest_route=\/wp\/v2\/users\/1"}],"replies":[{"embeddable":true,"href":"http:\/\/blog.pagekreacje.pl\/index.php?rest_route=%2Fwp%2Fv2%2Fcomments&post=12111"}],"version-history":[{"count":1,"href":"http:\/\/blog.pagekreacje.pl\/index.php?rest_route=\/wp\/v2\/posts\/12111\/revisions"}],"predecessor-version":[{"id":12112,"href":"http:\/\/blog.pagekreacje.pl\/index.php?rest_route=\/wp\/v2\/posts\/12111\/revisions\/12112"}],"wp:attachment":[{"href":"http:\/\/blog.pagekreacje.pl\/index.php?rest_route=%2Fwp%2Fv2%2Fmedia&parent=12111"}],"wp:term":[{"taxonomy":"category","embeddable":true,"href":"http:\/\/blog.pagekreacje.pl\/index.php?rest_route=%2Fwp%2Fv2%2Fcategories&post=12111"},{"taxonomy":"post_tag","embeddable":true,"href":"http:\/\/blog.pagekreacje.pl\/index.php?rest_route=%2Fwp%2Fv2%2Ftags&post=12111"}],"curies":[{"name":"wp","href":"https:\/\/api.w.org\/{rel}","templated":true}]}}