{"id":15488,"date":"2022-10-03T06:36:03","date_gmt":"2022-10-03T06:36:03","guid":{"rendered":"http:\/\/blog.pagekreacje.pl\/?p=15488"},"modified":"2022-10-03T06:36:03","modified_gmt":"2022-10-03T06:36:03","slug":"sesje-slubne-oferta","status":"publish","type":"post","link":"http:\/\/blog.pagekreacje.pl\/?p=15488","title":{"rendered":"Sesje \u015blubne \u2013 oferta"},"content":{"rendered":"<p>Je\u015bli potrzebujemy fachowego fotografa na uroczysto\u015b\u0107 \u015blubn\u0105 a tak\u017ce weseln\u0105, to z pewno\u015bci\u0105 warto zaznajomi\u0107 si\u0119 z portfolio, a\u017ceby posiada\u0107 wgl\u0105d w poprzednie realizacje dotycz\u0105ce oprawy fotograficznej uroczysto\u015bci rodzinnych, np takich jak wesela. Nale\u017cy zaznaczy\u0107, \u017ce fotograf \u015blubny powinien mie\u0107 wieloletnie do\u015bwiadczenie i praktyk\u0119 w zakresie wykonywania sesji zdj\u0119ciowych w\u0142a\u015bnie z uroczysto\u015bci \u015blubnych obejmuj\u0105cych zar\u00f3wno ceremonie w urz\u0119dzie a tak\u017ce ko\u015bciele, jak tak\u017ce zabawy weselnej.<br \/>\nOferta fotografa \u015blubnego &#8211; na co zwr\u00f3ci\u0107 uwag\u0119?<br \/>\nPrzede wszystkim \u015blub to jeden z najwa\u017cniejszych dni w \u017cyciu, dlatego wszystko powinno by\u0107 dopi\u0119te na ostatni guzik, w\u0142\u0105cznie z opraw\u0105 fotograficzn\u0105 wykonan\u0105 przez specjalistycznego do\u015bwiadczonego fotografa \u015blubnego.<!--more--><\/p>\n<p>  Warto zaznaczy\u0107, \u017ce fotograf \u015blubny to nie tylko specjalistyczny sprz\u0119t przeznaczony do wykonywania profesjonalnych fotografii w wysokiej rozdzielczo\u015bci, ale r\u00f3wnie\u017c talent do uchwycenia najpi\u0119kniejszych moment\u00f3w w czasie ceremonii, jak te\u017c zabawy z go\u015b\u0107mi w sali weselnej (wi\u0119cej informacji: <a href=\"https:\/\/fotoartem.pl\/kontakt\/\">fotograf \u015blubny Nowa S\u00f3l<\/a>). Dlatego te\u017c przed ostatecznym wyborem warto zaznajomi\u0107 si\u0119 z portfolio artysty, tak aby posiada\u0107 wgl\u0105d w jego poprzednie prace. Warto doda\u0107 te\u017c o tym, \u017ce fotograf \u015blubny projektuje nie tylko sesje zdj\u0119ciowe wewn\u0105trz budynk\u00f3w, a wi\u0119c podczas ceremonii czy zabawy, ale s\u0105 to te\u017c zaplanowane sesje plenerowe zar\u00f3wno pary m\u0142odej, jak tak\u017ce sesje narzecze\u0144skie. Takie zdj\u0119cia dostarczane s\u0105 do klienta ju\u017c w wersji obrobionej w programie graficznym na pendrivie lub specjalnym albumie \u015blubnym.<br \/>\n<br \/>Sprawd\u017a tutaj: <a href=\"https:\/\/fotoartem.pl\">fotograf \u015blubny \u015awiebodzin<\/a>.<\/p>\n","protected":false},"excerpt":{"rendered":"<p>Je\u015bli potrzebujemy fachowego fotografa na uroczysto\u015b\u0107 \u015blubn\u0105 a tak\u017ce weseln\u0105, to z pewno\u015bci\u0105 warto zaznajomi\u0107 si\u0119 z portfolio, a\u017ceby posiada\u0107 wgl\u0105d w poprzednie realizacje dotycz\u0105ce oprawy fotograficznej uroczysto\u015bci rodzinnych, np takich jak wesela. Nale\u017cy zaznaczy\u0107, \u017ce fotograf \u015blubny powinien mie\u0107 wieloletnie do\u015bwiadczenie i praktyk\u0119 w zakresie wykonywania sesji zdj\u0119ciowych w\u0142a\u015bnie z uroczysto\u015bci \u015blubnych obejmuj\u0105cych zar\u00f3wno [&hellip;]<\/p>\n","protected":false},"author":1,"featured_media":0,"comment_status":"closed","ping_status":"open","sticky":false,"template":"","format":"standard","meta":[],"categories":[1],"tags":[],"_links":{"self":[{"href":"http:\/\/blog.pagekreacje.pl\/index.php?rest_route=\/wp\/v2\/posts\/15488"}],"collection":[{"href":"http:\/\/blog.pagekreacje.pl\/index.php?rest_route=\/wp\/v2\/posts"}],"about":[{"href":"http:\/\/blog.pagekreacje.pl\/index.php?rest_route=\/wp\/v2\/types\/post"}],"author":[{"embeddable":true,"href":"http:\/\/blog.pagekreacje.pl\/index.php?rest_route=\/wp\/v2\/users\/1"}],"replies":[{"embeddable":true,"href":"http:\/\/blog.pagekreacje.pl\/index.php?rest_route=%2Fwp%2Fv2%2Fcomments&post=15488"}],"version-history":[{"count":1,"href":"http:\/\/blog.pagekreacje.pl\/index.php?rest_route=\/wp\/v2\/posts\/15488\/revisions"}],"predecessor-version":[{"id":15489,"href":"http:\/\/blog.pagekreacje.pl\/index.php?rest_route=\/wp\/v2\/posts\/15488\/revisions\/15489"}],"wp:attachment":[{"href":"http:\/\/blog.pagekreacje.pl\/index.php?rest_route=%2Fwp%2Fv2%2Fmedia&parent=15488"}],"wp:term":[{"taxonomy":"category","embeddable":true,"href":"http:\/\/blog.pagekreacje.pl\/index.php?rest_route=%2Fwp%2Fv2%2Fcategories&post=15488"},{"taxonomy":"post_tag","embeddable":true,"href":"http:\/\/blog.pagekreacje.pl\/index.php?rest_route=%2Fwp%2Fv2%2Ftags&post=15488"}],"curies":[{"name":"wp","href":"https:\/\/api.w.org\/{rel}","templated":true}]}}