{"id":17387,"date":"2025-03-11T09:45:06","date_gmt":"2025-03-11T09:45:06","guid":{"rendered":"http:\/\/blog.pagekreacje.pl\/?p=17387"},"modified":"2025-03-11T09:45:06","modified_gmt":"2025-03-11T09:45:06","slug":"rodzaje-lozek-mlodziezowych-co-warto-wiedziec","status":"publish","type":"post","link":"http:\/\/blog.pagekreacje.pl\/?p=17387","title":{"rendered":"Rodzaje \u0142\u00f3\u017cek m\u0142odzie\u017cowych \u2013 co warto wiedzie\u0107?"},"content":{"rendered":"<p>Wyb\u00f3r odpowiedniego \u0142\u00f3\u017cka do pokoju m\u0142odzie\u017cowego to jedna z kluczowych wybor\u00f3w przy urz\u0105dzaniu przestrzeni dla m\u0142odzie\u017cy. W tym wieku dzieci cz\u0119sto sp\u0119dzaj\u0105 na prawd\u0119 du\u017co czasu w swoim pokoju nie tylko na odpoczynku, niemniej jednak r\u00f3wnie\u017c na nauce, rozrywce czy spotkaniach z dobrymi przyjaci\u00f3\u0142mi. Dlatego istotne jest, a\u017ceby \u0142\u00f3\u017cko by\u0142o funkcjonalne i komfortowe, a r\u00f3wnocze\u015bnie pasowa\u0142o do stylu i potrzeb nastolatka.<!--more--><\/p>\n<p>  Wyb\u00f3r dobrego modelu mo\u017ce nie by\u0107 prosty, poniewa\u017c opr\u00f3cz klasycznych kryteri\u00f3w, takich jak rozmiar, materia\u0142 czy cena, warto zwr\u00f3ci\u0107 uwag\u0119 na to, jak \u0142\u00f3\u017cko wp\u0142ynie na codzienn\u0105 organizacj\u0119 przestrzeni. W wsp\u00f3\u0142zale\u017cno\u015bci od preferencji m\u0142odego u\u017cytkownika, \u0142\u00f3\u017cka m\u0142odzie\u017cowe mog\u0105 by\u0107 wyposa\u017cone w dodatkowe funkcje, takie jak szuflady na po\u015bciel, wbudowane p\u00f3\u0142ki na ksi\u0105\u017cki czy przestrze\u0144 do przechowywania innych rzeczy.<\/p>\n<p>Wielu m\u0142odzie\u017cy preferuje \u0142\u00f3\u017cka, kt\u00f3re b\u0119d\u0105 odzwierciedleniem ich osobowo\u015bci, dlatego warto zwr\u00f3ci\u0107 uwag\u0119 na r\u00f3\u017cnorodno\u015b\u0107 styl\u00f3w. Od \u0142atwych, minimalistycznych modeli, po bardziej designerskie, kt\u00f3re wpisuj\u0105 si\u0119 w obowi\u0105zuj\u0105ce trendy. Takie \u0142\u00f3\u017cka mog\u0105 sta\u0107 si\u0119 centralnym punktem pokoju, przyci\u0105gaj\u0105cym uwag\u0119, ale jednocze\u015bnie b\u0119d\u0105 pe\u0142ni\u0142y swoj\u0105 funkcj\u0119 wypoczynkow\u0105. Na prawd\u0119 cz\u0119sto spotyka si\u0119 tak\u017ce rozwi\u0105zania, kt\u00f3re pozwalaj\u0105 na zaoszcz\u0119dzenie przestrzeni w pokoju m\u0142odzie\u017cowym, jak \u0142\u00f3\u017cka pi\u0119trowe, kt\u00f3re mog\u0105 pomie\u015bci\u0107 dodatkowe miejsce do pracy czy zabawy. Tego rodzaju rozwi\u0105zania s\u0105 w szczeg\u00f3lno\u015bci popularne w pokojach dzielonych przez dw\u00f3ch nastolatk\u00f3w, gdzie ka\u017cdy z nich potrzebuje swojej prywatnej przestrzeni, a r\u00f3wnocze\u015bnie woli czu\u0107 si\u0119 komfortowo.<\/p>\n<p>Dobre \u0142\u00f3\u017cko dla nastolatka to te\u017c inwestycja w zdrowie, dlatego warto doda\u0107 o najlepszym materacu, kt\u00f3ry zapewni odpowiednie podparcie cia\u0142a i komfort snu. Materia\u0142y, z kt\u00f3rych zrealizowane s\u0105 materace, maj\u0105 wp\u0142yw na ich trwa\u0142o\u015b\u0107, oraz na jako\u015b\u0107 snu, co w sytuacji m\u0142odych ludzi jest szczeg\u00f3lnie wa\u017cne, uwzgl\u0119dniaj\u0105c ich intensywny rozw\u00f3j. Warto tak\u017ce zadba\u0107 o to, a\u017ceby \u0142\u00f3\u017cko by\u0142o dostosowane do wzrostu i wagi nastolatka, a tak\u017ce, a\u017ceby by\u0142o wystarczaj\u0105co przestronne, aby zapewni\u0107 wygod\u0119 podczas snu. Decyduj\u0105c si\u0119 na \u0142\u00f3\u017cko, warto zwr\u00f3ci\u0107 uwag\u0119 na to, by by\u0142o ono \u0142atwe do utrzymania w czysto\u015bci, szczeg\u00f3lnie je\u015bli chodzi o tapicerki czy obicia, kt\u00f3re mog\u0105 wymaga\u0107 regularnego czyszczenia.<\/p>\n<p>Na rynku dost\u0119pne s\u0105 r\u00f3\u017cnorodne modele \u0142\u00f3\u017cek m\u0142odzie\u017cowych, kt\u00f3re r\u00f3\u017cni\u0105 si\u0119 zar\u00f3wno wygl\u0105dem, jak i funkcjonalno\u015bci\u0105. Najlepiej jest pomy\u015ble\u0107 nad tym, jakie potrzeby ma ma\u0142olat, zanim podejmie si\u0119 decyzj\u0119 o wyborze odpowiedniego \u0142\u00f3\u017cka. Je\u017celi ju\u017c pok\u00f3j jest niedu\u017cy, warto rozwa\u017cy\u0107 rozwi\u0105zania, kt\u00f3re \u0142\u0105cz\u0105 funkcj\u0119 \u0142\u00f3\u017cka z przestrzeni\u0105 do przechowywania, na przyk\u0142ad w postaci szuflad albo wysuwanych p\u00f3\u0142ek. Wa\u017cne jest r\u00f3wnie\u017c, a\u017ceby \u0142\u00f3\u017cko by\u0142o wytrzyma\u0142e i odporne na codzienne u\u017cytkowanie, poniewa\u017c nastolatki na prawd\u0119 cz\u0119sto korzystaj\u0105 z niego intensywnie. Wyb\u00f3r \u0142\u00f3\u017cka m\u0142odzie\u017cowego to decyzja, kt\u00f3ra powinna uwzgl\u0119dnia\u0107 zar\u00f3wno estetyk\u0119, jak i u\u017cyteczno\u015b\u0107, tak by pok\u00f3j m\u0142odego cz\u0142owieka sta\u0142 si\u0119 miejscem wygodnym, praktycznym i w\u0142a\u015bciwym do jego wieku i potrzeb.<br \/>\n<br \/>Polecana strona: <a href=\"https:\/\/forumszkolne.pl\/profiles\/loosadii84-u235109.html\">\u0142\u00f3\u017cko dla nastolatki<\/a>.<\/p>\n","protected":false},"excerpt":{"rendered":"<p>Wyb\u00f3r odpowiedniego \u0142\u00f3\u017cka do pokoju m\u0142odzie\u017cowego to jedna z kluczowych wybor\u00f3w przy urz\u0105dzaniu przestrzeni dla m\u0142odzie\u017cy. W tym wieku dzieci cz\u0119sto sp\u0119dzaj\u0105 na prawd\u0119 du\u017co czasu w swoim pokoju nie tylko na odpoczynku, niemniej jednak r\u00f3wnie\u017c na nauce, rozrywce czy spotkaniach z dobrymi przyjaci\u00f3\u0142mi. Dlatego istotne jest, a\u017ceby \u0142\u00f3\u017cko by\u0142o funkcjonalne i komfortowe, a r\u00f3wnocze\u015bnie [&hellip;]<\/p>\n","protected":false},"author":1,"featured_media":0,"comment_status":"closed","ping_status":"open","sticky":false,"template":"","format":"standard","meta":[],"categories":[1],"tags":[],"_links":{"self":[{"href":"http:\/\/blog.pagekreacje.pl\/index.php?rest_route=\/wp\/v2\/posts\/17387"}],"collection":[{"href":"http:\/\/blog.pagekreacje.pl\/index.php?rest_route=\/wp\/v2\/posts"}],"about":[{"href":"http:\/\/blog.pagekreacje.pl\/index.php?rest_route=\/wp\/v2\/types\/post"}],"author":[{"embeddable":true,"href":"http:\/\/blog.pagekreacje.pl\/index.php?rest_route=\/wp\/v2\/users\/1"}],"replies":[{"embeddable":true,"href":"http:\/\/blog.pagekreacje.pl\/index.php?rest_route=%2Fwp%2Fv2%2Fcomments&post=17387"}],"version-history":[{"count":1,"href":"http:\/\/blog.pagekreacje.pl\/index.php?rest_route=\/wp\/v2\/posts\/17387\/revisions"}],"predecessor-version":[{"id":17388,"href":"http:\/\/blog.pagekreacje.pl\/index.php?rest_route=\/wp\/v2\/posts\/17387\/revisions\/17388"}],"wp:attachment":[{"href":"http:\/\/blog.pagekreacje.pl\/index.php?rest_route=%2Fwp%2Fv2%2Fmedia&parent=17387"}],"wp:term":[{"taxonomy":"category","embeddable":true,"href":"http:\/\/blog.pagekreacje.pl\/index.php?rest_route=%2Fwp%2Fv2%2Fcategories&post=17387"},{"taxonomy":"post_tag","embeddable":true,"href":"http:\/\/blog.pagekreacje.pl\/index.php?rest_route=%2Fwp%2Fv2%2Ftags&post=17387"}],"curies":[{"name":"wp","href":"https:\/\/api.w.org\/{rel}","templated":true}]}}