{"id":426,"date":"2013-05-20T01:26:19","date_gmt":"2013-05-20T01:26:19","guid":{"rendered":"http:\/\/blog.pagekreacje.pl\/?p=426"},"modified":"2013-05-20T01:26:19","modified_gmt":"2013-05-20T01:26:19","slug":"wlasciwie-wykonane-zabiegi-kosmetyczne-kosmetyka-estetyczna-olsztyn","status":"publish","type":"post","link":"http:\/\/blog.pagekreacje.pl\/?p=426","title":{"rendered":"W\u0142a\u015bciwie wykonane zabiegi kosmetyczne &#8211; kosmetyka estetyczna Olsztyn"},"content":{"rendered":"<p>Powinni\u015bmy mie\u0107 \u015bwiadomo\u015b\u0107 tego i uzmys\u0142awi\u0107 sobie z tego w chwili obecnej, \u017ce nasza sk\u00f3ra nie jest idealna i najcz\u0119\u015bciej mo\u017cemy na niej obserwowa\u0107 w\u0142a\u015bnie r\u00f3\u017cne przebarwienia. <!--more-->Czasami warto skorzysta\u0107 z us\u0142ug profesjonalnej kosmetyczki &#8211; <a href=\"http:\/\/kosmetykalecznicza.com\/\">salon kosmetyczny Olsztyn<\/a>, kt\u00f3rymi znowu nie mo\u017cna si\u0119 przecie\u017c przejmowa\u0107 zbyt mocno, ale nale\u017cy raczej z nimi walczy\u0107. Powinno si\u0119 g\u0142\u00f3wnie postara\u0107 si\u0119, aby w ka\u017cdej chwili mie\u0107 \u015bwiadomo\u015b\u0107 faktu, i\u017c co, w jaki spos\u00f3b co, niemniej jednak przecie\u017c na wszystko posiadamy w ka\u017cdej sytuacji jakie\u015b rozwi\u0105zania. Mo\u017cemy wybra\u0107 si\u0119 do dermatologa, mo\u017cemy te\u017c wybra\u0107 si\u0119 do apteki, czy do sklep\u00f3w z naturaln\u0105 medycyn\u0105 i to, jakie rozwi\u0105zanie wybierzemy, to jest nasza sprawa i to wszystko zale\u017cy w\u0142a\u015bnie od nas, ale starajmy si\u0119 natomiast mimo wszystko wiedzie\u0107 i pami\u0119ta\u0107 o tym, \u017ce najlepszymi rozwi\u0105zaniami s\u0105 w gruncie rzeczy praktyczne i skuteczne rozwi\u0105zania. Kategorycznie wiemy i na swoim przyk\u0142adzie, niemniej jednak i na przyk\u0142adach innych os\u00f3b, \u017ce po prostu mo\u017cemy spokojnie poradzi\u0107 sobie ze sk\u00f3r\u0105, ale wystarczy u\u017cywa\u0107 jakie\u015b leki, ma\u015bci, czy maseczki i tak\u017ce dobrze by\u0142oby dowiedzie\u0107 si\u0119, co jest  przyczyn\u0105 tych naszych przebarwie\u0144, bo w\u00f3wczas, kiedy znamy ju\u017c przyczyny, to przecie\u017c wiemy najbardziej, \u017ce po ich usuni\u0119ciu nie w przysz\u0142o\u015bci powinno si\u0119 usuwa\u0107 skutk\u00f3w, a to chyba ju\u017c jest lepsze i bardziej m\u0105dre i rozs\u0105dne rozwi\u0105zanie. Musimy kategorycznie wiedzie\u0107 w\u0142a\u015bnie o tym, \u017ce jeste\u015bmy tylko ludzi, w pewnych sytuacjach chorujemy, czasami mamy od s\u0142o\u0144ca ca\u0142kiem mo\u017cliwe, \u017ce jakie\u015b przebarwienia, czasem zdaje si\u0119 by\u0107 jeszcze jaka\u015b inna przyczyna tego wszystkiego, ale my musimy pomimo wszystko mie\u0107 \u015bwiadomo\u015b\u0107 tego, \u017ce to nasza sk\u00f3ra i nasze cia\u0142o i nikt nie pozna go nigdy ca\u0142kiem dobrze, ani\u017celi my i nale\u017cy posiada\u0107 to wszystko na wzgl\u0119dzie i na uwadze, bo to jest kategorycznie najbardziej istotne i istotne.<\/p>\n","protected":false},"excerpt":{"rendered":"<p>Powinni\u015bmy mie\u0107 \u015bwiadomo\u015b\u0107 tego i uzmys\u0142awi\u0107 sobie z tego w chwili obecnej, \u017ce nasza sk\u00f3ra nie jest idealna i najcz\u0119\u015bciej mo\u017cemy na niej obserwowa\u0107 w\u0142a\u015bnie r\u00f3\u017cne przebarwienia.<\/p>\n","protected":false},"author":1,"featured_media":0,"comment_status":"closed","ping_status":"closed","sticky":false,"template":"","format":"standard","meta":[],"categories":[48],"tags":[],"_links":{"self":[{"href":"http:\/\/blog.pagekreacje.pl\/index.php?rest_route=\/wp\/v2\/posts\/426"}],"collection":[{"href":"http:\/\/blog.pagekreacje.pl\/index.php?rest_route=\/wp\/v2\/posts"}],"about":[{"href":"http:\/\/blog.pagekreacje.pl\/index.php?rest_route=\/wp\/v2\/types\/post"}],"author":[{"embeddable":true,"href":"http:\/\/blog.pagekreacje.pl\/index.php?rest_route=\/wp\/v2\/users\/1"}],"replies":[{"embeddable":true,"href":"http:\/\/blog.pagekreacje.pl\/index.php?rest_route=%2Fwp%2Fv2%2Fcomments&post=426"}],"version-history":[{"count":0,"href":"http:\/\/blog.pagekreacje.pl\/index.php?rest_route=\/wp\/v2\/posts\/426\/revisions"}],"wp:attachment":[{"href":"http:\/\/blog.pagekreacje.pl\/index.php?rest_route=%2Fwp%2Fv2%2Fmedia&parent=426"}],"wp:term":[{"taxonomy":"category","embeddable":true,"href":"http:\/\/blog.pagekreacje.pl\/index.php?rest_route=%2Fwp%2Fv2%2Fcategories&post=426"},{"taxonomy":"post_tag","embeddable":true,"href":"http:\/\/blog.pagekreacje.pl\/index.php?rest_route=%2Fwp%2Fv2%2Ftags&post=426"}],"curies":[{"name":"wp","href":"https:\/\/api.w.org\/{rel}","templated":true}]}}