{"id":8498,"date":"2021-02-03T20:27:03","date_gmt":"2021-02-03T20:27:03","guid":{"rendered":"http:\/\/blog.pagekreacje.pl\/?p=8498"},"modified":"2021-02-03T20:27:03","modified_gmt":"2021-02-03T20:27:03","slug":"szafy-na-wymiar-dlaczego-warto","status":"publish","type":"post","link":"http:\/\/blog.pagekreacje.pl\/?p=8498","title":{"rendered":"Szafy na wymiar &#8211; dlaczego warto?"},"content":{"rendered":"<p>Coraz wi\u0119ksz\u0105 popularno\u015bci\u0105 ciesz\u0105 si\u0119 funkcjonalne rozwi\u0105zania do domu, kt\u00f3re podnosz\u0105 komfort mieszkania. Takim w\u0142a\u015bnie rozstrzygni\u0119ciem s\u0105 szafy na wymiar indeco katowice, kt\u00f3re pozwalaj\u0105 na wykorzystanie ka\u017cdego wolnego centymetra przestrzeni w mieszkaniu czy domu. Przy tym, szafy wykonywane na indywidualne zam\u00f3wienia wyr\u00f3\u017cniaj\u0105 si\u0119 zastosowanie materia\u0142\u00f3w wysokiej jako\u015bci, precyzj\u0105 wyko\u0144czenia oraz niepowtarzalno\u015bci\u0105.<!--more--><\/p>\n<p>  Nie powinno wi\u0119c nikogo dziwi\u0107, \u017ce meble na wymiar ciesz\u0105 si\u0119 tak ogromn\u0105 popularno\u015bci\u0105 po\u015br\u00f3d klient\u00f3w, kt\u00f3rym zale\u017cy na optymalnym po\u0142\u0105czeniu u\u017cyteczno\u015bci a tak\u017ce wygody (wi\u0119cej informacji na stronie: <a href=\"http:\/\/szafyindecokatowice.pl\/portfolio\/szafy-indeco-katowice\/\">szafy indeco Katowice<\/a>).<br \/>\nMeble na wymiar &#8211; dlaczego warto?<br \/>\nG\u0142\u00f3wnie my meble na wymiar to praktyczne rozwi\u0105zanie, kt\u00f3re bardzo dobrze testuje si\u0119 na poddaszach. Szafy na wymiar s\u0105 rozstrzygni\u0119ciem, kt\u00f3re daje mo\u017cliwo\u015b\u0107 optymalnie zagospodarowa\u0107 ka\u017cd\u0105 przestrze\u0144, wr\u0119cz tak trudn\u0105 jak nier\u00f3wne sufity czy skosy. Takie rozwi\u0105zania jak szafy indeco katowice ciesz\u0105 si\u0119 uznaniem nie tylko klient\u00f3w, niemniej jednak tak\u017ce ekspert\u00f3w, kt\u00f3rzy lubi\u0105 ich funkcjonalno\u015b\u0107 a tak\u017ce wysok\u0105 jako\u015b\u0107 wyko\u0144czenia (warto tak\u017ce zobaczy\u0107: <a href=\"http:\/\/szafyindecokatowice.pl\/portfolio\/kuchnie-na-wymiar-katowice\/\">kuchnie na wymiar Katowice<\/a>). Warto r\u00f3wnie\u017c doda\u0107, \u017ce szafy na wymiar daj\u0105 nam mo\u017cliwo\u015b\u0107 skomponowania element\u00f3w wyko\u0144czenia, jak tak\u017ce wybrania wzoru czy koloru. W zwi\u0105zku z tym taka szafa b\u0119dzie doskonale uzupe\u0142nia\u0142a aran\u017cacj\u0119 mieszkania, co wp\u0142ynie na sp\u00f3jno\u015b\u0107 aran\u017cacyjn\u0105 ca\u0142ego lokalu. Je\u015bli wi\u0119c cenimy funkcjonalne rozwi\u0105zania, szafy na wymiar indeco katowice na 100 procent spe\u0142ni\u0105 nasze wymagania a tak\u017ce pozwol\u0105 nam tak zaaran\u017cowa\u0107 mieszkanie, aby by\u0142o nie tylko i wy\u0142\u0105cznie funkcjonalne, ale tak\u017ce atrakcyjne wizualnie.<br \/>\n<br \/>Zobacz wi\u0119cej: <a href=\"http:\/\/szafyindecokatowice.pl\">szafy indeco katowice<\/a>.<\/p>\n","protected":false},"excerpt":{"rendered":"<p>Coraz wi\u0119ksz\u0105 popularno\u015bci\u0105 ciesz\u0105 si\u0119 funkcjonalne rozwi\u0105zania do domu, kt\u00f3re podnosz\u0105 komfort mieszkania. Takim w\u0142a\u015bnie rozstrzygni\u0119ciem s\u0105 szafy na wymiar indeco katowice, kt\u00f3re pozwalaj\u0105 na wykorzystanie ka\u017cdego wolnego centymetra przestrzeni w mieszkaniu czy domu. Przy tym, szafy wykonywane na indywidualne zam\u00f3wienia wyr\u00f3\u017cniaj\u0105 si\u0119 zastosowanie materia\u0142\u00f3w wysokiej jako\u015bci, precyzj\u0105 wyko\u0144czenia oraz niepowtarzalno\u015bci\u0105.<\/p>\n","protected":false},"author":1,"featured_media":0,"comment_status":"closed","ping_status":"open","sticky":false,"template":"","format":"standard","meta":[],"categories":[1],"tags":[],"_links":{"self":[{"href":"http:\/\/blog.pagekreacje.pl\/index.php?rest_route=\/wp\/v2\/posts\/8498"}],"collection":[{"href":"http:\/\/blog.pagekreacje.pl\/index.php?rest_route=\/wp\/v2\/posts"}],"about":[{"href":"http:\/\/blog.pagekreacje.pl\/index.php?rest_route=\/wp\/v2\/types\/post"}],"author":[{"embeddable":true,"href":"http:\/\/blog.pagekreacje.pl\/index.php?rest_route=\/wp\/v2\/users\/1"}],"replies":[{"embeddable":true,"href":"http:\/\/blog.pagekreacje.pl\/index.php?rest_route=%2Fwp%2Fv2%2Fcomments&post=8498"}],"version-history":[{"count":1,"href":"http:\/\/blog.pagekreacje.pl\/index.php?rest_route=\/wp\/v2\/posts\/8498\/revisions"}],"predecessor-version":[{"id":8499,"href":"http:\/\/blog.pagekreacje.pl\/index.php?rest_route=\/wp\/v2\/posts\/8498\/revisions\/8499"}],"wp:attachment":[{"href":"http:\/\/blog.pagekreacje.pl\/index.php?rest_route=%2Fwp%2Fv2%2Fmedia&parent=8498"}],"wp:term":[{"taxonomy":"category","embeddable":true,"href":"http:\/\/blog.pagekreacje.pl\/index.php?rest_route=%2Fwp%2Fv2%2Fcategories&post=8498"},{"taxonomy":"post_tag","embeddable":true,"href":"http:\/\/blog.pagekreacje.pl\/index.php?rest_route=%2Fwp%2Fv2%2Ftags&post=8498"}],"curies":[{"name":"wp","href":"https:\/\/api.w.org\/{rel}","templated":true}]}}