{"id":8648,"date":"2021-02-12T11:20:05","date_gmt":"2021-02-12T11:20:05","guid":{"rendered":"http:\/\/blog.pagekreacje.pl\/?p=8648"},"modified":"2021-02-12T11:20:05","modified_gmt":"2021-02-12T11:20:05","slug":"sesja-ciazowa-wyjatkowa-pamiatka","status":"publish","type":"post","link":"http:\/\/blog.pagekreacje.pl\/?p=8648","title":{"rendered":"Sesja ci\u0105\u017cowa &#8211; wyj\u0105tkowa pami\u0105tka"},"content":{"rendered":"<p>Sesje fotograficzne to niezwyk\u0142a pami\u0105tka, kt\u00f3ra  daje mo\u017cliwo\u015b\u0107 nam powraca\u0107 do szcz\u0119\u015bliwych chwil z przesz\u0142o\u015bci. Nie jest wi\u0119c zaskoczeniem, \u017ce tak ogromn\u0105 popularno\u015bci\u0105 w\u015br\u00f3d przysz\u0142ych mam cieszy si\u0119 sesja ci\u0105\u017cowa. Jest to bez w\u0105tpienia \u015bwietny pomys\u0142 na pami\u0105tk\u0119 z tego wyj\u0105tkowego okresu.<!--more--><\/p>\n<p> Sesja ci\u0105\u017cowa &#8211; dlaczego warto?<br \/>\nG\u0142\u00f3wnie nale\u017cy zaznaczy\u0107, \u017ce sesja ci\u0105\u017cowa to unikatowa pami\u0105tka, kt\u00f3ra pozostanie z nami na w ka\u017cdym momencie przypominaj\u0105c nam o wyj\u0105tkowych chwilach w okresie ci\u0105\u017cy. Wiele pa\u0144 zastanawia si\u0119, w kt\u00f3rym momencie najlepiej zdecydowa\u0107 si\u0119 na wykonanie fotografii. Cz\u0119\u015b\u0107 pani czeka do ostatniego okresu, kiedy ci\u0105\u017ca jest ju\u017c bardzo widoczna. Nale\u017cy natomiast pami\u0119ta\u0107, \u017ce dziewi\u0105ty miesi\u0105c to ostatni gwizdek i du\u017co lepiej zdecydowa\u0107 si\u0119 uprzednio na wykonanie fachowej sesji zdj\u0119ciowej. Warto r\u00f3wnie\u017c doda\u0107, \u017ce sesje ci\u0105\u017cowe mog\u0105 by\u0107 wykonywane zar\u00f3wno w studio fotograficznym, jak te\u017c w plenerze czy w mieszkaniu klientki. Je\u015bli zdecydujemy si\u0119 na sesj\u0119 ci\u0105\u017cow\u0105 w okresie letnim, warto korzysta\u0107 z pi\u0119knej pogody i okoliczno\u015bci przyrody i stworzy\u0107 zdj\u0119cia w pi\u0119knym otoczeniu, takim jak las. Bez w\u0105tpienia s\u0142oneczna jesienna pogoda tak\u017ce sprzyja zrobieniu pi\u0119knych fotografii w plenerze. Warto doda\u0107, \u017ce sesja ci\u0105\u017cowa powinna by\u0107 stworzona przez profesjonalnego fotografa, kt\u00f3ry dysponuje odpowiednimi umiej\u0119tno\u015bciami i do\u015bwiadczeniem oraz zapleczem technicznym. Wybierajmy zatem studia fotograficzne, kt\u00f3re mog\u0105 pochwali\u0107 si\u0119 realizacjami sesji ci\u0105\u017cowych zar\u00f3wno w terenie, jak tak\u017ce w pomieszczeniach.<br \/>\n<br \/>Sprawd\u017a r\u00f3wnie\u017c informacje na stronie: <a href=\"https:\/\/fotomirazak.pl\/sesja-ciazowa-wykonujemy-zdjecia-kobiet-w-ciazy\/\">sesja ci\u0105\u017cowa<\/a>.<\/p>\n","protected":false},"excerpt":{"rendered":"<p>Sesje fotograficzne to niezwyk\u0142a pami\u0105tka, kt\u00f3ra daje mo\u017cliwo\u015b\u0107 nam powraca\u0107 do szcz\u0119\u015bliwych chwil z przesz\u0142o\u015bci. Nie jest wi\u0119c zaskoczeniem, \u017ce tak ogromn\u0105 popularno\u015bci\u0105 w\u015br\u00f3d przysz\u0142ych mam cieszy si\u0119 sesja ci\u0105\u017cowa. Jest to bez w\u0105tpienia \u015bwietny pomys\u0142 na pami\u0105tk\u0119 z tego wyj\u0105tkowego okresu.<\/p>\n","protected":false},"author":1,"featured_media":0,"comment_status":"closed","ping_status":"open","sticky":false,"template":"","format":"standard","meta":[],"categories":[1],"tags":[],"_links":{"self":[{"href":"http:\/\/blog.pagekreacje.pl\/index.php?rest_route=\/wp\/v2\/posts\/8648"}],"collection":[{"href":"http:\/\/blog.pagekreacje.pl\/index.php?rest_route=\/wp\/v2\/posts"}],"about":[{"href":"http:\/\/blog.pagekreacje.pl\/index.php?rest_route=\/wp\/v2\/types\/post"}],"author":[{"embeddable":true,"href":"http:\/\/blog.pagekreacje.pl\/index.php?rest_route=\/wp\/v2\/users\/1"}],"replies":[{"embeddable":true,"href":"http:\/\/blog.pagekreacje.pl\/index.php?rest_route=%2Fwp%2Fv2%2Fcomments&post=8648"}],"version-history":[{"count":1,"href":"http:\/\/blog.pagekreacje.pl\/index.php?rest_route=\/wp\/v2\/posts\/8648\/revisions"}],"predecessor-version":[{"id":8649,"href":"http:\/\/blog.pagekreacje.pl\/index.php?rest_route=\/wp\/v2\/posts\/8648\/revisions\/8649"}],"wp:attachment":[{"href":"http:\/\/blog.pagekreacje.pl\/index.php?rest_route=%2Fwp%2Fv2%2Fmedia&parent=8648"}],"wp:term":[{"taxonomy":"category","embeddable":true,"href":"http:\/\/blog.pagekreacje.pl\/index.php?rest_route=%2Fwp%2Fv2%2Fcategories&post=8648"},{"taxonomy":"post_tag","embeddable":true,"href":"http:\/\/blog.pagekreacje.pl\/index.php?rest_route=%2Fwp%2Fv2%2Ftags&post=8648"}],"curies":[{"name":"wp","href":"https:\/\/api.w.org\/{rel}","templated":true}]}}