{"id":9419,"date":"2021-03-29T02:42:04","date_gmt":"2021-03-29T02:42:04","guid":{"rendered":"http:\/\/blog.pagekreacje.pl\/?p=9419"},"modified":"2021-03-29T02:42:04","modified_gmt":"2021-03-29T02:42:04","slug":"co-wziac-pod-uwage-wybierajac-szafe","status":"publish","type":"post","link":"http:\/\/blog.pagekreacje.pl\/?p=9419","title":{"rendered":"Co wzi\u0105\u0107 pod uwag\u0119, wybieraj\u0105c szaf\u0119?"},"content":{"rendered":"<p>Szafa to z ca\u0142\u0105 pewno\u015bci\u0105 jeden z najwa\u017cniejszych mebli w naszym mieszkaniu czy domu. Nale\u017cy jednak pami\u0119ta\u0107, a\u017ceby wybieraj\u0105c szaf\u0119 wzi\u0105\u0107 pod uwag\u0119 kilka kluczowych aspekt\u00f3w. G\u0142\u00f3wnie szafa powinna by\u0107 dopasowana wymiarem do pomieszczenia, do kt\u00f3rego ma by\u0107 przeznaczona.<!--more--><\/p>\n<p>  To natomiast tylko jedna z kwestii, kt\u00f3re nale\u017cy posiada\u0107 na uwadze w czasie doboru stosownej szafy do pomieszczenia.<br \/>\nSzafy &#8211; czym si\u0119 kierowa\u0107 przy wyborze?<br \/>\nG\u0142\u00f3wnie wybieraj\u0105 szaf\u0119, musimy wzi\u0105\u0107 pod uwag\u0119, do kt\u00f3rego pomieszczenia b\u0119dzie ona przeznaczona. W pomieszczeniach niewielkich, np w przedpokoju, ze stuprocentow\u0105 pewno\u015bci\u0105 sprawdzi si\u0119 szafa do korytarza, kt\u00f3ra dost\u0119pna jest w r\u00f3\u017cnych wymiarach, jak te\u017c w r\u00f3\u017cnorakich wariantach r\u00f3\u017cni\u0105cych si\u0119 nie tylko i wy\u0142\u0105cznie zastosowanymi do wyko\u0144czenia materia\u0142ami, ale te\u017c kolorystyk\u0105 czy wzornictwem. Warto wspomnie\u0107, \u017ce jednym z najwa\u017cniejszych element\u00f3w, kt\u00f3re musimy bra\u0107 pod uwag\u0119 wybieraj\u0105c szaf\u0119, jest spos\u00f3b jej otwierania. Odznacza si\u0119 dwa g\u0142\u00f3wne typy szaf kieruj\u0105c si\u0119 kryterium otwierania, s\u0105 to mianowicie szafy uchylne, jak r\u00f3wnie\u017c szafy przesuwne. Du\u017cym zainteresowaniem klient\u00f3w cieszy si\u0119 szafa z lustrem z drzwiami przesuwnymi, co jest rozstrzygni\u0119ciem fantastycznie praktycznym, kt\u00f3re pozwala zaoszcz\u0119dzi\u0107 bardzo du\u017co miejsca, wi\u0119c \u015bwietnie kontroluje si\u0119 w pokojach oraz pomieszczeniach o niewielkich wymiarach, na przyk\u0142ad na poddaszach (zobacz tak\u017ce: <a href=\"http:\/\/mebleszafa.pl\/17-szafa-z-lustrem\">szafa lustro<\/a>). Warto wspomnie\u0107 tak\u017ce, \u017ce szafa powinna by\u0107 utworzona z trwa\u0142ych materia\u0142\u00f3w, poniewa\u017c jest to mebel, kt\u00f3ry powinienem s\u0142u\u017cy\u0107 nam przez d\u0142ugie lata. Dodatkowo, ciekawym rozstrzygni\u0119ciem, z kt\u00f3rego korzysta coraz wi\u0119cej os\u00f3b, jest zamawianie szafy pod wymiar, dzi\u0119ki czemu otrzymujemy perfekcyjnie dopasowany do naszych potrzeb oraz oczekiwa\u0144 mebel (zobacz wi\u0119cej: <a href=\"http:\/\/mebleszafa.pl\/19-szafa-bez-lustra\">szafa bez lustra do sypialni<\/a>). Co wi\u0119cej musimy wzi\u0105\u0107 pod uwag\u0119 tak\u017ce wn\u0119trze szafy, a wi\u0119c wyposa\u017cenie jej w praktyczne uchwyty oraz wn\u0119ki przeznaczone na przechowywanie garderoby.<br \/>\n<br \/>\u0179r\u00f3d\u0142o: <a href=\"http:\/\/mebleszafa.pl\">szafa 150 cm<\/a>.<\/p>\n","protected":false},"excerpt":{"rendered":"<p>Szafa to z ca\u0142\u0105 pewno\u015bci\u0105 jeden z najwa\u017cniejszych mebli w naszym mieszkaniu czy domu. Nale\u017cy jednak pami\u0119ta\u0107, a\u017ceby wybieraj\u0105c szaf\u0119 wzi\u0105\u0107 pod uwag\u0119 kilka kluczowych aspekt\u00f3w. G\u0142\u00f3wnie szafa powinna by\u0107 dopasowana wymiarem do pomieszczenia, do kt\u00f3rego ma by\u0107 przeznaczona.<\/p>\n","protected":false},"author":1,"featured_media":0,"comment_status":"closed","ping_status":"open","sticky":false,"template":"","format":"standard","meta":[],"categories":[1],"tags":[],"_links":{"self":[{"href":"http:\/\/blog.pagekreacje.pl\/index.php?rest_route=\/wp\/v2\/posts\/9419"}],"collection":[{"href":"http:\/\/blog.pagekreacje.pl\/index.php?rest_route=\/wp\/v2\/posts"}],"about":[{"href":"http:\/\/blog.pagekreacje.pl\/index.php?rest_route=\/wp\/v2\/types\/post"}],"author":[{"embeddable":true,"href":"http:\/\/blog.pagekreacje.pl\/index.php?rest_route=\/wp\/v2\/users\/1"}],"replies":[{"embeddable":true,"href":"http:\/\/blog.pagekreacje.pl\/index.php?rest_route=%2Fwp%2Fv2%2Fcomments&post=9419"}],"version-history":[{"count":1,"href":"http:\/\/blog.pagekreacje.pl\/index.php?rest_route=\/wp\/v2\/posts\/9419\/revisions"}],"predecessor-version":[{"id":9420,"href":"http:\/\/blog.pagekreacje.pl\/index.php?rest_route=\/wp\/v2\/posts\/9419\/revisions\/9420"}],"wp:attachment":[{"href":"http:\/\/blog.pagekreacje.pl\/index.php?rest_route=%2Fwp%2Fv2%2Fmedia&parent=9419"}],"wp:term":[{"taxonomy":"category","embeddable":true,"href":"http:\/\/blog.pagekreacje.pl\/index.php?rest_route=%2Fwp%2Fv2%2Fcategories&post=9419"},{"taxonomy":"post_tag","embeddable":true,"href":"http:\/\/blog.pagekreacje.pl\/index.php?rest_route=%2Fwp%2Fv2%2Ftags&post=9419"}],"curies":[{"name":"wp","href":"https:\/\/api.w.org\/{rel}","templated":true}]}}