{"id":9955,"date":"2021-05-02T02:39:07","date_gmt":"2021-05-02T02:39:07","guid":{"rendered":"http:\/\/blog.pagekreacje.pl\/?p=9955"},"modified":"2021-05-02T02:39:07","modified_gmt":"2021-05-02T02:39:07","slug":"uslugi-fotograficzne","status":"publish","type":"post","link":"http:\/\/blog.pagekreacje.pl\/?p=9955","title":{"rendered":"Us\u0142ugi fotograficzne"},"content":{"rendered":"<p>Profesjonalne us\u0142ugi fotograficzne s\u0105 potrzebne w du\u017cej liczbie przypadk\u00f3w, kt\u00f3re dotycz\u0105 zar\u00f3wno uroczysto\u015bci rodzinnych, jak tak\u017ce spraw biznesowych. Pami\u0119tajmy o tym, \u017ce fotograf Radom powinien wykazywa\u0107 si\u0119 profesjonalizmem, jak tak\u017ce wykonywa\u0107 zlecenia terminowo, co ma szczeg\u00f3lne znaczenie, je\u017celi ju\u017c zale\u017cy nam na czasie.<!--more--><\/p>\n<p>Us\u0142ugi fotograficzne &#8211; co powinno si\u0119 wiedzie\u0107?<br \/>\nStudio fotograficzne powinno oferowa\u0107 swoim klientom szeroki zakres us\u0142ug, kt\u00f3ry obejmuje w g\u0142\u00f3wnej mierze wywo\u0142ywanie fotografii Radom.  Warto doda\u0107 r\u00f3wnie\u017c, \u017ce fotograf powinien mie\u0107 do dyspozycji nie tylko i wy\u0142\u0105cznie profesjonalne studio, gdzie s\u0105 realizowane zdj\u0119cia do dokument\u00f3w Radom, ale te\u017c sprz\u0119t bardzo wysokiej jako\u015bci, kt\u00f3ry umo\u017cliwia na wykonywanie sesji fotograficznych w r\u00f3\u017cnorakich ustaleniach, a zatem zar\u00f3wno w pomieszczeniach, jak te\u017c w terenie, czyli sesji plenerowych. Fotografowie kieruj\u0105 swoje us\u0142ugi zar\u00f3wno do os\u00f3b prywatnych, kt\u00f3re przyk\u0142adowo zajmuj\u0105 si\u0119 organizacj\u0105 uroczysto\u015bci rodzinnej, takiej jak wesele czy chrzciny, niemniej jednak tak\u017ce do klient\u00f3w biznesowych, kt\u00f3rzy potrzebuj\u0105 profesjonalnej fotografii produktowej. Z us\u0142ug fotograf\u00f3w coraz cz\u0119\u015bciej korzystaj\u0105 tak\u017ce obiekty komercyjne, kt\u00f3re reklamuj\u0105 si\u0119 na folderach czy w sieci i potrzebuj\u0105 do tego zdj\u0119\u0107 bardzo wysokiej jako\u015bci, kt\u00f3re prezentuj\u0105 obiekty w jak odpowiednim \u015bwietle. Jak si\u0119 wi\u0119c okazuje, us\u0142ugi fotograficzne s\u0105 potrzebne w r\u00f3\u017cnorakich sytuacjach, warto wi\u0119c wyszuka\u0107 fotografa, kt\u00f3ry cieszy si\u0119 dobr\u0105 opini\u0105, jak te\u017c ma rozbudowane portfolio, gdzie znajdziemy jego poprzednie realizacje.<br \/>\n<br \/>Zobacz r\u00f3wnie\u017c: <a href=\"https:\/\/www.asfot.pl\">przegrywanie kaset na dvd Radom<\/a>.<\/p>\n","protected":false},"excerpt":{"rendered":"<p>Profesjonalne us\u0142ugi fotograficzne s\u0105 potrzebne w du\u017cej liczbie przypadk\u00f3w, kt\u00f3re dotycz\u0105 zar\u00f3wno uroczysto\u015bci rodzinnych, jak tak\u017ce spraw biznesowych. Pami\u0119tajmy o tym, \u017ce fotograf Radom powinien wykazywa\u0107 si\u0119 profesjonalizmem, jak tak\u017ce wykonywa\u0107 zlecenia terminowo, co ma szczeg\u00f3lne znaczenie, je\u017celi ju\u017c zale\u017cy nam na czasie.<\/p>\n","protected":false},"author":1,"featured_media":0,"comment_status":"closed","ping_status":"open","sticky":false,"template":"","format":"standard","meta":[],"categories":[1],"tags":[],"_links":{"self":[{"href":"http:\/\/blog.pagekreacje.pl\/index.php?rest_route=\/wp\/v2\/posts\/9955"}],"collection":[{"href":"http:\/\/blog.pagekreacje.pl\/index.php?rest_route=\/wp\/v2\/posts"}],"about":[{"href":"http:\/\/blog.pagekreacje.pl\/index.php?rest_route=\/wp\/v2\/types\/post"}],"author":[{"embeddable":true,"href":"http:\/\/blog.pagekreacje.pl\/index.php?rest_route=\/wp\/v2\/users\/1"}],"replies":[{"embeddable":true,"href":"http:\/\/blog.pagekreacje.pl\/index.php?rest_route=%2Fwp%2Fv2%2Fcomments&post=9955"}],"version-history":[{"count":1,"href":"http:\/\/blog.pagekreacje.pl\/index.php?rest_route=\/wp\/v2\/posts\/9955\/revisions"}],"predecessor-version":[{"id":9956,"href":"http:\/\/blog.pagekreacje.pl\/index.php?rest_route=\/wp\/v2\/posts\/9955\/revisions\/9956"}],"wp:attachment":[{"href":"http:\/\/blog.pagekreacje.pl\/index.php?rest_route=%2Fwp%2Fv2%2Fmedia&parent=9955"}],"wp:term":[{"taxonomy":"category","embeddable":true,"href":"http:\/\/blog.pagekreacje.pl\/index.php?rest_route=%2Fwp%2Fv2%2Fcategories&post=9955"},{"taxonomy":"post_tag","embeddable":true,"href":"http:\/\/blog.pagekreacje.pl\/index.php?rest_route=%2Fwp%2Fv2%2Ftags&post=9955"}],"curies":[{"name":"wp","href":"https:\/\/api.w.org\/{rel}","templated":true}]}}