{"id":9985,"date":"2021-05-04T00:55:07","date_gmt":"2021-05-04T00:55:07","guid":{"rendered":"http:\/\/blog.pagekreacje.pl\/?p=9985"},"modified":"2021-05-04T00:55:07","modified_gmt":"2021-05-04T00:55:07","slug":"wynajem-ekspresow-do-kawy","status":"publish","type":"post","link":"http:\/\/blog.pagekreacje.pl\/?p=9985","title":{"rendered":"Wynajem ekspres\u00f3w do kawy"},"content":{"rendered":"<p>Trudno sobie wyobrazi\u0107 funkcjonowanie jakiegokolwiek biura czy zak\u0142adu pracy bez \u015bwie\u017cej i dobrej kawy. Nie jest zatem zaskoczeniem, \u017ce coraz wi\u0119cej firm korzysta z rozwi\u0105zania, jakim jest dzier\u017cawa ekspres\u00f3w do kawy. Jest to z ca\u0142kowit\u0105 czyli stu procentow\u0105 pewno\u015bci\u0105 \u015bwietne rozwi\u0105zanie dla tych wszystkich, kt\u00f3rzy nie posiadaj\u0105 aktualnie \u015brodk\u00f3w do zakupu swojego ekspresu do kawy, a chc\u0105 zapewni\u0107 sobie i pracownikom pyszn\u0105 kaw\u0119 dzie\u0144 w dzie\u0144 pracy.<!--more--><\/p>\n<p> Wynajem ekspres\u00f3w do kawy &#8211; co nale\u017cy wiedzie\u0107?<br \/>\nG\u0142\u00f3wnie nale\u017cy podkre\u015bli\u0107, \u017ce wypo\u017cyczenie ekspres\u00f3w do kawy to rozwi\u0105zania op\u0142acalne, poniewa\u017c co miesi\u0105c uiszczamy op\u0142at\u0119 abonamentow\u0105, w ramach kt\u00f3rej otrzymujemy nie tylko i wy\u0142\u0105cznie fachowy monta\u017c, niemniej jednak te\u017c szkolenie i serwisowanie urz\u0105dzenia. W praktyce znaczy to, \u017ce w przypadku jakiejkolwiek awarii, otrzymujemy bezp\u0142atn\u0105 pomoc profesjonalisty, kt\u00f3ry niezw\u0142ocznie usuwa usterk\u0119, tak a\u017ceby urz\u0105dzenie jak najszybciej powr\u00f3ci\u0142o do prawid\u0142owej pracy. Jednak\u017ce kaw\u0119 kupujemy zgodnie z zapotrzebowaniem. Co wa\u017cne, nie ma obowi\u0105zku kupowania kawy od dostawcy ekspresu, mo\u017cemy wi\u0119c skorzysta\u0107 z innych \u017ar\u00f3de\u0142 (zobacz r\u00f3wnie\u017c: <a href=\"https:\/\/www.kochamkawe.eu\/ekspresy-do-kawy-wynajem\">dzier\u017cawa ekspres\u00f3w do kawy<\/a>). Pami\u0119tajmy r\u00f3wnie\u017c o tym, \u017ce wynajem ekspres\u00f3w do kawy to rozwi\u0105zanie, kt\u00f3re z powodzeniem stosowane jest na przyk\u0142ad w biurach, zak\u0142ady pracy, jak tak\u017ce miejscach funkcjonalno\u015bci publicznej. Nie musimy zatem nabywa\u0107 nowego urz\u0105dzenia, a\u017ceby codziennie w pracy cieszy\u0107 si\u0119 smaczn\u0105 kaw\u0105. Je\u015bli wi\u0119c chcemy podnie\u015b\u0107 komfort pracy w naszym biurze, warsztacie czy biznesie, warto wyposa\u017cy\u0107 sto\u0142\u00f3wk\u0119 w ekspres do kawy pochodz\u0105cy od renomowanego producenta.<br \/>\n<br \/>Wi\u0119cej informacji: <a href=\"https:\/\/www.kochamkawe.eu\">wypo\u017cyczenie ekspres\u00f3w do kawy<\/a>.<\/p>\n","protected":false},"excerpt":{"rendered":"<p>Trudno sobie wyobrazi\u0107 funkcjonowanie jakiegokolwiek biura czy zak\u0142adu pracy bez \u015bwie\u017cej i dobrej kawy. Nie jest zatem zaskoczeniem, \u017ce coraz wi\u0119cej firm korzysta z rozwi\u0105zania, jakim jest dzier\u017cawa ekspres\u00f3w do kawy. Jest to z ca\u0142kowit\u0105 czyli stu procentow\u0105 pewno\u015bci\u0105 \u015bwietne rozwi\u0105zanie dla tych wszystkich, kt\u00f3rzy nie posiadaj\u0105 aktualnie \u015brodk\u00f3w do zakupu swojego ekspresu do kawy, [&hellip;]<\/p>\n","protected":false},"author":1,"featured_media":0,"comment_status":"closed","ping_status":"open","sticky":false,"template":"","format":"standard","meta":[],"categories":[1],"tags":[],"_links":{"self":[{"href":"http:\/\/blog.pagekreacje.pl\/index.php?rest_route=\/wp\/v2\/posts\/9985"}],"collection":[{"href":"http:\/\/blog.pagekreacje.pl\/index.php?rest_route=\/wp\/v2\/posts"}],"about":[{"href":"http:\/\/blog.pagekreacje.pl\/index.php?rest_route=\/wp\/v2\/types\/post"}],"author":[{"embeddable":true,"href":"http:\/\/blog.pagekreacje.pl\/index.php?rest_route=\/wp\/v2\/users\/1"}],"replies":[{"embeddable":true,"href":"http:\/\/blog.pagekreacje.pl\/index.php?rest_route=%2Fwp%2Fv2%2Fcomments&post=9985"}],"version-history":[{"count":1,"href":"http:\/\/blog.pagekreacje.pl\/index.php?rest_route=\/wp\/v2\/posts\/9985\/revisions"}],"predecessor-version":[{"id":9986,"href":"http:\/\/blog.pagekreacje.pl\/index.php?rest_route=\/wp\/v2\/posts\/9985\/revisions\/9986"}],"wp:attachment":[{"href":"http:\/\/blog.pagekreacje.pl\/index.php?rest_route=%2Fwp%2Fv2%2Fmedia&parent=9985"}],"wp:term":[{"taxonomy":"category","embeddable":true,"href":"http:\/\/blog.pagekreacje.pl\/index.php?rest_route=%2Fwp%2Fv2%2Fcategories&post=9985"},{"taxonomy":"post_tag","embeddable":true,"href":"http:\/\/blog.pagekreacje.pl\/index.php?rest_route=%2Fwp%2Fv2%2Ftags&post=9985"}],"curies":[{"name":"wp","href":"https:\/\/api.w.org\/{rel}","templated":true}]}}